{"id":979,"date":"2020-10-31T17:17:30","date_gmt":"2020-10-31T16:17:30","guid":{"rendered":"http:\/\/cqcroixdepierre.fr\/?p=979"},"modified":"2021-03-21T08:18:49","modified_gmt":"2021-03-21T07:18:49","slug":"__trashed","status":"publish","type":"post","link":"https:\/\/cqcroixdepierre.fr\/index.php\/2020\/10\/31\/__trashed\/","title":{"rendered":"Confinement &#8211; Commer\u00e7ants ouverts &#8211; La Pointe &#8211; Les Oustalous"},"content":{"rendered":"\n<p>La liste ci-dessous n&rsquo;est pas exhaustive et \u00e0 vocation \u00e0 \u00eatre mise \u00e0 jour et compl\u00e9t\u00e9es. <\/p>\n\n\n\n<p>N&rsquo;h\u00e9sitez pas \u00e0 nous envoyer vos compl\u00e9ments et corrections \u00e0 <a href=\"mailto:contact@cqcroixdepierre.fr\">contact@cqcroixdepierre.fr<\/a><\/p>\n\n\n\n<h2 class=\"has-vivid-purple-color has-text-color wp-block-heading\"> March\u00e9 des Oustalous <\/h2>\n\n\n\n<div class=\"wp-block-group\"><div class=\"wp-block-group__inner-container is-layout-flow wp-block-group-is-layout-flow\">\n<p class=\"has-vivid-green-cyan-color has-text-color\" style=\"font-size:24px\"><strong>Boucher<\/strong><\/p>\n\n\n\n<p class=\"has-small-font-size\"> EARL Esteve 81500 FIAC<\/p>\n\n\n\n<p><strong>R\u00e9cup\u00e9ration commandes sur le march\u00e9 le samedi &#8211; possibilit\u00e9 livraisons <\/strong>&#8211; <a rel=\"noreferrer noopener\" aria-label=\"Voir les produits (s\u2019ouvre dans un nouvel onglet)\" href=\"https:\/\/cqcroixdepierre.fr\/wp-content\/uploads\/2020\/04\/Boucher-march\u00e9-des-Oustalous.pdf\" target=\"_blank\">Voir les produits<\/a><br>Contact:  06 12 58 33 56 (commandes)<\/p>\n<\/div><\/div>\n\n\n\n<div class=\"wp-block-group\"><div class=\"wp-block-group__inner-container is-layout-flow wp-block-group-is-layout-flow\">\n<p class=\"has-vivid-green-cyan-color has-text-color\" style=\"font-size:24px\"><strong>Fromager<\/strong><\/p>\n\n\n\n<p class=\"has-small-font-size\">Les fromagers du grand sud ouest<br>11 route de Moutou<br>31180 Castelmaurou <\/p>\n\n\n\n<p><strong>R\u00e9cup\u00e9ration commandes sur le march\u00e9 le samedi &#8211; possibilit\u00e9 livraisons <\/strong>&#8211; <a href=\"https:\/\/fromagersgrandsudouest.ecommerce-solidaire.fr\" target=\"_blank\" rel=\"noreferrer noopener\" aria-label=\" (s\u2019ouvre dans un nouvel onglet)\">Voir le site<\/a><br>Contact:  <strong>07 85 34 69 37<\/strong> (commandes)<\/p>\n<\/div><\/div>\n\n\n\n<div class=\"wp-block-group\"><div class=\"wp-block-group__inner-container is-layout-flow wp-block-group-is-layout-flow\">\n<p class=\"has-vivid-green-cyan-color has-text-color\" style=\"font-size:24px\"> <strong>\u0152ufs et Poulets<\/strong><\/p>\n\n\n\n<p class=\"has-small-font-size\"> Sandrine<\/p>\n\n\n\n<p><strong>R\u00e9cup\u00e9ration commandes sur le march\u00e9 le samedi<\/strong> <br>Contact:    06 07 89 88 14  (commandes)<\/p>\n<\/div><\/div>\n\n\n\n<div class=\"wp-block-group\"><div class=\"wp-block-group__inner-container is-layout-flow wp-block-group-is-layout-flow\">\n<p class=\"has-vivid-green-cyan-color has-text-color\" style=\"font-size:24px\"><strong>Primeur<\/strong><\/p>\n\n\n\n<p class=\"has-small-font-size\">Fr\u00e9d\u00e9ric<\/p>\n\n\n\n<p><strong>R\u00e9cup\u00e9ration commandes sur le march\u00e9 le samedi<\/strong> <br>Contact:  06 87 25 53 53    (commandes)<\/p>\n<\/div><\/div>\n\n\n\n<div class=\"wp-block-group\"><div class=\"wp-block-group__inner-container is-layout-flow wp-block-group-is-layout-flow\">\n<p class=\"has-vivid-green-cyan-color has-text-color\" style=\"font-size:24px\"><strong>Poissonnerie Guichard<\/strong><\/p>\n\n\n\n<p class=\"has-small-font-size\">Vanessa<\/p>\n\n\n\n<p><strong>La contacter le mardi &#8211; pour les disponibilit\u00e9s et prix mercredi<\/strong><br><strong>R\u00e9cup\u00e9ration commandes sur le march\u00e9 le samedi<\/strong> <br>Contact:  06 38 90 34 07   &#8211; courriel: poissonnerie-guichard@outlook.com<\/p>\n<\/div><\/div>\n\n\n\n<h2 class=\"has-vivid-purple-color has-text-color wp-block-heading\">Boutiques<\/h2>\n\n\n\n<div class=\"wp-block-group\"><div class=\"wp-block-group__inner-container is-layout-flow wp-block-group-is-layout-flow\">\n<p class=\"has-vivid-green-cyan-color has-text-color\" style=\"font-size:24px\"><strong>Pharmacie de la Pointe<\/strong><\/p>\n\n\n\n<p class=\"has-small-font-size\">403 Route de Seysses<\/p>\n\n\n\n<p><strong>Horaires:<\/strong><br> lundi au vendredi 8h30-19 h<br>samedi 9h \u00e0 19h  <br>Ouverture continue<br>Contact:  <strong>05 61 40 40 36  <\/strong> &#8211;  <a href=\"mailto:pharmacie-de-la-pointe@orange.fr\">pharmacie-de-la-pointe@orange.fr<\/a> <\/p>\n<\/div><\/div>\n\n\n\n<div class=\"wp-block-group\"><div class=\"wp-block-group__inner-container is-layout-flow wp-block-group-is-layout-flow\">\n<p class=\"has-vivid-green-cyan-color has-text-color\" style=\"font-size:24px\"><strong>Alimentation g\u00e9n\u00e9rale SAS \u00ab\u00a0La Saison\u00a0\u00bb <\/strong><\/p>\n\n\n\n<p class=\"has-small-font-size\">5 avenue de Muret<\/p>\n\n\n\n<p><strong>Horaires:<\/strong><br>Tous les jours 8h30-12h30 15h-20h<br><br>Contact:  <strong>05 61 42 04 92 <\/strong> &#8211; <strong><a href=\"mailto:lasaisonlocal@gmail.com\">lasaisonlocal@gmail.com<\/a><\/strong><\/p>\n<\/div><\/div>\n\n\n\n<div class=\"wp-block-group\"><div class=\"wp-block-group__inner-container is-layout-flow wp-block-group-is-layout-flow\">\n<p class=\"has-vivid-green-cyan-color has-text-color\" style=\"font-size:24px\"><strong>Primeur<\/strong> <strong>\u00ab&nbsp;comptoir de Jeannot&nbsp;\u00bb  <\/strong><\/p>\n\n\n\n<p class=\"has-small-font-size\">51 route d&rsquo;Espagne<\/p>\n\n\n\n<p><strong>Horaires:<\/strong><br>lundi au vendredi 8h30-13 h<br>samedi 8h30 \u00e0 18h30 <br><strong>Propose des services de livraison<\/strong><br>Contact:  09 51 77 19 26 \/ 06 95 34 38 30<\/p>\n<\/div><\/div>\n\n\n\n<div class=\"wp-block-group\"><div class=\"wp-block-group__inner-container is-layout-flow wp-block-group-is-layout-flow\">\n<p class=\"has-vivid-green-cyan-color has-text-color\" style=\"font-size:24px\"><strong>Chocolats Leonidas<\/strong><\/p>\n\n\n\n<p class=\"has-small-font-size\">51 route d&rsquo;Espagne<\/p>\n\n\n\n<p><strong>Horaires:<\/strong><br>A partir du 15 avril: mardi et vendredi 10h-17h ( en continu)<br><strong>Propose des services de livraison<\/strong><br>Contact:  06 83 92 27 23 &#8211; <a href=\"mailto:leonidas.muret331@orange.fr\">leonidas.muret331@orange.fr<\/a><\/p>\n<\/div><\/div>\n","protected":false},"excerpt":{"rendered":"<p>La liste ci-dessous n&rsquo;est pas exhaustive et \u00e0 vocation \u00e0 \u00eatre mise \u00e0 jour et compl\u00e9t\u00e9es. N&rsquo;h\u00e9sitez pas \u00e0 nous envoyer vos compl\u00e9ments et corrections \u00e0 contact@cqcroixdepierre.fr March\u00e9 des Oustalous Boucher EARL Esteve 81500 FIAC R\u00e9cup\u00e9ration commandes sur le march\u00e9 le samedi &#8211; possibilit\u00e9 livraisons &#8211; Voir les produitsContact: 06 12 58 33 56 (commandes) [&hellip;]<\/p>\n","protected":false},"author":2,"featured_media":0,"comment_status":"closed","ping_status":"open","sticky":false,"template":"","format":"standard","meta":{"footnotes":""},"categories":[22],"tags":[],"_links":{"self":[{"href":"https:\/\/cqcroixdepierre.fr\/index.php\/wp-json\/wp\/v2\/posts\/979"}],"collection":[{"href":"https:\/\/cqcroixdepierre.fr\/index.php\/wp-json\/wp\/v2\/posts"}],"about":[{"href":"https:\/\/cqcroixdepierre.fr\/index.php\/wp-json\/wp\/v2\/types\/post"}],"author":[{"embeddable":true,"href":"https:\/\/cqcroixdepierre.fr\/index.php\/wp-json\/wp\/v2\/users\/2"}],"replies":[{"embeddable":true,"href":"https:\/\/cqcroixdepierre.fr\/index.php\/wp-json\/wp\/v2\/comments?post=979"}],"version-history":[{"count":3,"href":"https:\/\/cqcroixdepierre.fr\/index.php\/wp-json\/wp\/v2\/posts\/979\/revisions"}],"predecessor-version":[{"id":1279,"href":"https:\/\/cqcroixdepierre.fr\/index.php\/wp-json\/wp\/v2\/posts\/979\/revisions\/1279"}],"wp:attachment":[{"href":"https:\/\/cqcroixdepierre.fr\/index.php\/wp-json\/wp\/v2\/media?parent=979"}],"wp:term":[{"taxonomy":"category","embeddable":true,"href":"https:\/\/cqcroixdepierre.fr\/index.php\/wp-json\/wp\/v2\/categories?post=979"},{"taxonomy":"post_tag","embeddable":true,"href":"https:\/\/cqcroixdepierre.fr\/index.php\/wp-json\/wp\/v2\/tags?post=979"}],"curies":[{"name":"wp","href":"https:\/\/api.w.org\/{rel}","templated":true}]}}