{"id":1846,"date":"2023-06-07T16:23:00","date_gmt":"2023-06-07T14:23:00","guid":{"rendered":"https:\/\/cqcroixdepierre.fr\/?p=1846"},"modified":"2023-09-01T10:30:28","modified_gmt":"2023-09-01T08:30:28","slug":"vendredi-23-et-samedi-24-juin-fete-de-quartier","status":"publish","type":"post","link":"https:\/\/cqcroixdepierre.fr\/index.php\/2023\/06\/07\/vendredi-23-et-samedi-24-juin-fete-de-quartier\/","title":{"rendered":"Vendredi 23 et Samedi 24 juin &#8211; F\u00eate de quartier"},"content":{"rendered":"\n<p><strong>Le vendredi 23 juin<\/strong> au matin, sera r\u00e9serv\u00e9 aux animations mises en place par les trois groupes scolaires (B\u00e9canne, B\u00e9n\u00e9zet et<br>les Oustalous).<br><span style=\"text-decoration: underline;\">Cette matin\u00e9e se d\u00e9clinera sous la forme suivante :<\/span><\/p>\n\n\n\n<ul><li>A partir de 8 heures, mise en place par les b\u00e9n\u00e9voles (la pr\u00e9sence de b\u00e9n\u00e9voles sera la bienvenue)<\/li><li>D\u00e8s 9 heures 30, les groupes scolaires arriveront sur la Place Croix de Pierre,<\/li><li>Chants et po\u00e8mes lus par les \u00e9coliers<\/li><li>la participation des enfants se cl\u00f4turera par une collation offerte par les commer\u00e7ants du quartier.<br><br>Pour information, le march\u00e9 du vendredi sera maintenu sur la Place Croix de Pierre.<br>Pour clore cette journ\u00e9e, l\u2019association ECLATS, Ch\u0153urs d\u2019enfants et de jeunes, nous fera le plaisir de nous offrir un spectacle,<br>avec les jeunes de la chorale.<\/li><\/ul>\n\n\n\n<p><strong>Journ\u00e9e du samedi 24 juin 2023 :<br><\/strong>La mairie recherche des b\u00e9n\u00e9voles pour aider \u00e0 installer de 8h \u00e0 9h et d\u00e9sinstaller le mat\u00e9riel \u00e0 partir de minuit.<\/p>\n\n\n\n<p><span style=\"text-decoration: underline;\">Programme : <\/span><\/p>\n\n\n\n<ul><li>Les commer\u00e7ants seront pr\u00e9sents toute la journ\u00e9e sur la place c\u00f4t\u00e9 march\u00e9.<\/li><li>D\u00e8s 9 heures, les associations sportives, culturelles s\u2019installeront sur la place, c\u00f4t\u00e9 parking.<\/li><li>Pour clore cette journ\u00e9e festive et conviviale, nous nous retrouverons autour d\u2019un ap\u00e9ritif tout aussi convivial, offert par les commer\u00e7ants du quartier, suivi d&rsquo;un concert qui sera donn\u00e9 sur la place.<\/li><\/ul>\n","protected":false},"excerpt":{"rendered":"<p>Le vendredi 23 juin au matin, sera r\u00e9serv\u00e9 aux animations mises en place par les trois groupes scolaires (B\u00e9canne, B\u00e9n\u00e9zet etles Oustalous).Cette matin\u00e9e se d\u00e9clinera sous la forme suivante : A partir de 8 heures, mise en place par les b\u00e9n\u00e9voles (la pr\u00e9sence de b\u00e9n\u00e9voles sera la bienvenue) D\u00e8s 9 heures 30, les groupes scolaires [&hellip;]<\/p>\n","protected":false},"author":2,"featured_media":1841,"comment_status":"closed","ping_status":"open","sticky":false,"template":"","format":"standard","meta":{"footnotes":""},"categories":[22],"tags":[],"_links":{"self":[{"href":"https:\/\/cqcroixdepierre.fr\/index.php\/wp-json\/wp\/v2\/posts\/1846"}],"collection":[{"href":"https:\/\/cqcroixdepierre.fr\/index.php\/wp-json\/wp\/v2\/posts"}],"about":[{"href":"https:\/\/cqcroixdepierre.fr\/index.php\/wp-json\/wp\/v2\/types\/post"}],"author":[{"embeddable":true,"href":"https:\/\/cqcroixdepierre.fr\/index.php\/wp-json\/wp\/v2\/users\/2"}],"replies":[{"embeddable":true,"href":"https:\/\/cqcroixdepierre.fr\/index.php\/wp-json\/wp\/v2\/comments?post=1846"}],"version-history":[{"count":1,"href":"https:\/\/cqcroixdepierre.fr\/index.php\/wp-json\/wp\/v2\/posts\/1846\/revisions"}],"predecessor-version":[{"id":1847,"href":"https:\/\/cqcroixdepierre.fr\/index.php\/wp-json\/wp\/v2\/posts\/1846\/revisions\/1847"}],"wp:featuredmedia":[{"embeddable":true,"href":"https:\/\/cqcroixdepierre.fr\/index.php\/wp-json\/wp\/v2\/media\/1841"}],"wp:attachment":[{"href":"https:\/\/cqcroixdepierre.fr\/index.php\/wp-json\/wp\/v2\/media?parent=1846"}],"wp:term":[{"taxonomy":"category","embeddable":true,"href":"https:\/\/cqcroixdepierre.fr\/index.php\/wp-json\/wp\/v2\/categories?post=1846"},{"taxonomy":"post_tag","embeddable":true,"href":"https:\/\/cqcroixdepierre.fr\/index.php\/wp-json\/wp\/v2\/tags?post=1846"}],"curies":[{"name":"wp","href":"https:\/\/api.w.org\/{rel}","templated":true}]}}