{"id":1714,"date":"2023-03-22T17:03:24","date_gmt":"2023-03-22T16:03:24","guid":{"rendered":"https:\/\/cqcroixdepierre.fr\/?p=1714"},"modified":"2023-06-05T15:28:46","modified_gmt":"2023-06-05T13:28:46","slug":"10-mars-au-14-avril-enquete-publique-unique-pour-lamenagement-de-lile-du-ramier","status":"publish","type":"post","link":"https:\/\/cqcroixdepierre.fr\/index.php\/2023\/03\/22\/10-mars-au-14-avril-enquete-publique-unique-pour-lamenagement-de-lile-du-ramier\/","title":{"rendered":"Enqu\u00eate publique unique pour l&rsquo;am\u00e9nagement de l&rsquo;\u00eele du Ramier &#8211; Conclusions du commissaire enqu\u00eateur"},"content":{"rendered":"\n<p>Le Comit\u00e9 a \u00e9t\u00e9 entendu sur 2 points importants impactant directement notre quartier en \u00e9mettant 3 recommandations:<\/p>\n\n\n\n<ul><li>L&rsquo;implantation de la nouvelle d\u00e9chetterie au niveau du Hall 9<\/li><li>L&#8217;emprise du restaurant \u00ab\u00a0La Centrale\u00a0\u00bb<\/li><\/ul>\n\n\n\n<figure class=\"wp-block-image size-large\"><img fetchpriority=\"high\" decoding=\"async\" width=\"1024\" height=\"180\" src=\"https:\/\/cqcroixdepierre.fr\/wp-content\/uploads\/2023\/06\/3-recommandations-1024x180.jpg\" alt=\"\" class=\"wp-image-1836\" srcset=\"https:\/\/cqcroixdepierre.fr\/wp-content\/uploads\/2023\/06\/3-recommandations-1024x180.jpg 1024w, https:\/\/cqcroixdepierre.fr\/wp-content\/uploads\/2023\/06\/3-recommandations-300x53.jpg 300w, https:\/\/cqcroixdepierre.fr\/wp-content\/uploads\/2023\/06\/3-recommandations-768x135.jpg 768w, https:\/\/cqcroixdepierre.fr\/wp-content\/uploads\/2023\/06\/3-recommandations.jpg 1091w\" sizes=\"(max-width: 1024px) 100vw, 1024px\" \/><\/figure>\n\n\n\n<p class=\"has-text-align-center\" style=\"font-size:21px\"><a href=\"https:\/\/drive.google.com\/file\/d\/1nqVBMZBGYgVuTx5Hbre7-InQ8PaRebVg\/view?usp=sharing\" target=\"_blank\" rel=\"noreferrer noopener\">Section du rapport sur la d\u00e9chetterie<\/a><br><a href=\"https:\/\/drive.google.com\/file\/d\/1pjKK0e4gwPttVDfReyw1dxZ8F3nvQbmX\/view?usp=sharing\" target=\"_blank\" rel=\"noreferrer noopener\">Section du rapport sur \u00ab\u00a0La centrale\u00a0\u00bb<\/a><\/p>\n\n\n\n<p>Ci dessous l&rsquo;acc\u00e8s au dossier complet:<\/p>\n\n\n\n<ul><li><a rel=\"noreferrer noopener\" href=\"https:\/\/drive.google.com\/file\/d\/19Qd7MkvthdGACKaFMrozzc-0uV2HOXiN\/view?usp=sharing\" target=\"_blank\">Rapport<\/a><\/li><li><a rel=\"noreferrer noopener\" href=\"https:\/\/drive.google.com\/file\/d\/1JZCCMeg2Ekw2rXguAlmpZ2uwLOlrYjiU\/view?usp=sharing\" target=\"_blank\">Conclusions<\/a><\/li><li><a href=\"https:\/\/drive.google.com\/file\/d\/1nErJyVhBQz3QNn-oaiNXRS4lnUZR6qtg\/view?usp=sharing\" target=\"_blank\" rel=\"noreferrer noopener\">Annexes<\/a><\/li><\/ul>\n\n\n\n<p><\/p>\n\n\n\n<p>L&rsquo;enqu\u00eate s&rsquo;est d\u00e9roul\u00e9e du 10 mars au 14 avril 2022<\/p>\n\n\n\n<p><a rel=\"noreferrer noopener\" href=\"https:\/\/drive.google.com\/file\/d\/1-09BJxTtvXtw2LKuL8hXpCwaicNNyRmG\/view?usp=sharing\" target=\"_blank\">Contribution du Comit\u00e9 de Quartier (12 avril 2023)<\/a><\/p>\n\n\n\n<p>Site de l\u2019enqu\u00eate publique sur l\u2019am\u00e9nagement de l\u2019Ile du Ramier vendredi dernier<\/p>\n\n\n\n<div class=\"wp-block-image\"><figure class=\"aligncenter size-large\"><a href=\"https:\/\/drive.google.com\/file\/d\/1jh1bkdAZZizLIsVf6CjOI-66YCWs19ki\/view?usp=sharing\" target=\"_blank\" rel=\"noopener\"><img decoding=\"async\" width=\"532\" height=\"827\" src=\"https:\/\/cqcroixdepierre.fr\/wp-content\/uploads\/2023\/03\/GPG_IleRamierPlanGuide2030p.jpg\" alt=\"\" class=\"wp-image-1715\" srcset=\"https:\/\/cqcroixdepierre.fr\/wp-content\/uploads\/2023\/03\/GPG_IleRamierPlanGuide2030p.jpg 532w, https:\/\/cqcroixdepierre.fr\/wp-content\/uploads\/2023\/03\/GPG_IleRamierPlanGuide2030p-193x300.jpg 193w\" sizes=\"(max-width: 532px) 100vw, 532px\" \/><\/a><\/figure><\/div>\n\n\n\n<ul><li><a href=\"https:\/\/jeparticipe.metropole.toulouse.fr\/processes\/ile-du-ramier?locale=fr\">https:\/\/jeparticipe.metropole.toulouse.fr\/processes\/ile-du-ramier?locale=fr<\/a><\/li><li><a href=\"https:\/\/www.registre-numerique.fr\/ile-du-ramier\">https:\/\/www.registre-numerique.fr\/ile-du-ramier<\/a><\/li><\/ul>\n\n\n\n<p>Articles de presse&nbsp;:<\/p>\n\n\n\n<ul><li><a href=\"https:\/\/www.ladepeche.fr\/2023\/03\/02\/ile-ramier-les-prochaines-etapes-du-futur-poumon-vert-toulousain-11031331.php\">https:\/\/www.ladepeche.fr\/2023\/03\/02\/ile-ramier-les-prochaines-etapes-du-futur-poumon-vert-toulousain-11031331.php<\/a><\/li><li><a href=\"https:\/\/actu.fr\/occitanie\/toulouse_31555\/carte-voici-le-projet-definitif-et-detaille-du-futur-poumon-vert-de-toulouse-sur-l-ile-du-ramier_58044527.html\">https:\/\/actu.fr\/occitanie\/toulouse_31555\/carte-voici-le-projet-definitif-et-detaille-du-futur-poumon-vert-de-toulouse-sur-l-ile-du-ramier_58044527.html<\/a><\/li><\/ul>\n\n\n\n<p class=\"has-text-align-center\" style=\"font-size:18px\"><strong>Il est important de vous exprimer<\/strong> <strong>&#8211; l&rsquo;Ile du Ramier avec la Garonne sont des composantes de la vie de notre quartier<\/strong><\/p>\n\n\n\n<p>Quelques points de vigilance pour le Comit\u00e9 de Quartier:<\/p>\n\n\n\n<ul><li>D\u00e9ch\u00e8terie dans le hall 9 \u2013 pour quels types de d\u00e9chets et quelle est l\u2019ambition de la recyclerie&nbsp;? Disponibilit\u00e9 de locaux associ\u00e9s pour stockage ou r\u00e9utilisation<\/li><li>La Centrale \u2013 on note le d\u00e9placement de la petite passerelle existante. Quid de l\u2019espace public privatis\u00e9, de la qualit\u00e9 du projet, du bruit?<\/li><li>La passerelle de la \u00ab\u00a0Croix de Pierre\u00a0\u00bb<\/li><\/ul>\n\n\n\n<p>Ces points  ont \u00e9t\u00e9 expos\u00e9s \u00e0 la Mairie de Toulouse dans ce <a rel=\"noreferrer noopener\" href=\"https:\/\/drive.google.com\/file\/d\/1yOpX-3tDuZxGPhsEtPUXd1hXLv622YPs\/view?usp=share_link\" target=\"_blank\">courrier<\/a> &#8230; sans r\u00e9ponse \u00e0 ce jour <\/p>\n\n\n\n<p>Si vous avez d&rsquo;autres sujets sur lesquels vous souhaitez nous alerter ou attirer notre attention, n&rsquo;h\u00e9sitez pas \u00e0 nous en informer(<a href=\"mailto:contact@cqcroixdepierre.fr\">contact@cqcroixdepierre.fr<\/a>), mais n&rsquo;oubliez pas que votre contribution \u00e0 titre personnel est fondamentale<\/p>\n\n\n\n<p><\/p>\n\n\n\n<p><strong>Archives:<\/strong><\/p>\n\n\n\n<ul><li><a href=\"https:\/\/drive.google.com\/file\/d\/1vMeJxypU3GQNCdpeHIvw9epkEFjUk72b\/view?usp=share_link\">M\u00e9moire<\/a> produit par le Comit\u00e9 de Quartier en 2018, au d\u00e9but du projet<\/li><\/ul>\n","protected":false},"excerpt":{"rendered":"<p>Le Comit\u00e9 a \u00e9t\u00e9 entendu sur 2 points importants impactant directement notre quartier en \u00e9mettant 3 recommandations: L&rsquo;implantation de la nouvelle d\u00e9chetterie au niveau du Hall 9 L&#8217;emprise du restaurant \u00ab\u00a0La Centrale\u00a0\u00bb Section du rapport sur la d\u00e9chetterieSection du rapport sur \u00ab\u00a0La centrale\u00a0\u00bb Ci dessous l&rsquo;acc\u00e8s au dossier complet: Rapport Conclusions Annexes L&rsquo;enqu\u00eate s&rsquo;est d\u00e9roul\u00e9e [&hellip;]<\/p>\n","protected":false},"author":2,"featured_media":0,"comment_status":"closed","ping_status":"open","sticky":false,"template":"","format":"standard","meta":{"footnotes":""},"categories":[13],"tags":[],"_links":{"self":[{"href":"https:\/\/cqcroixdepierre.fr\/index.php\/wp-json\/wp\/v2\/posts\/1714"}],"collection":[{"href":"https:\/\/cqcroixdepierre.fr\/index.php\/wp-json\/wp\/v2\/posts"}],"about":[{"href":"https:\/\/cqcroixdepierre.fr\/index.php\/wp-json\/wp\/v2\/types\/post"}],"author":[{"embeddable":true,"href":"https:\/\/cqcroixdepierre.fr\/index.php\/wp-json\/wp\/v2\/users\/2"}],"replies":[{"embeddable":true,"href":"https:\/\/cqcroixdepierre.fr\/index.php\/wp-json\/wp\/v2\/comments?post=1714"}],"version-history":[{"count":2,"href":"https:\/\/cqcroixdepierre.fr\/index.php\/wp-json\/wp\/v2\/posts\/1714\/revisions"}],"predecessor-version":[{"id":1837,"href":"https:\/\/cqcroixdepierre.fr\/index.php\/wp-json\/wp\/v2\/posts\/1714\/revisions\/1837"}],"wp:attachment":[{"href":"https:\/\/cqcroixdepierre.fr\/index.php\/wp-json\/wp\/v2\/media?parent=1714"}],"wp:term":[{"taxonomy":"category","embeddable":true,"href":"https:\/\/cqcroixdepierre.fr\/index.php\/wp-json\/wp\/v2\/categories?post=1714"},{"taxonomy":"post_tag","embeddable":true,"href":"https:\/\/cqcroixdepierre.fr\/index.php\/wp-json\/wp\/v2\/tags?post=1714"}],"curies":[{"name":"wp","href":"https:\/\/api.w.org\/{rel}","templated":true}]}}